{"id":345,"date":"2019-01-30T15:55:18","date_gmt":"2019-01-30T12:55:18","guid":{"rendered":"http:\/\/espedal.org\/?p=345"},"modified":"2019-02-03T15:57:14","modified_gmt":"2019-02-03T12:57:14","slug":"espedal-dernegi-dernek-evinde-bisiklet-ve-engellilik-soylesileri-basliyor","status":"publish","type":"post","link":"https:\/\/espedal.org\/en\/espedal-dernegi-dernek-evinde-bisiklet-ve-engellilik-soylesileri-basliyor\/","title":{"rendered":"E\u015fpedal  Dernek evinde Bisiklet ve Engellilik S\u00f6yle\u015fileri ba\u015fl\u0131yor."},"content":{"rendered":"<figure class=\"wp-block-image\"><img fetchpriority=\"high\" decoding=\"async\" width=\"960\" height=\"540\" src=\"http:\/\/espedal.org\/wp-content\/uploads\/2019\/02\/2-\u015fubat-s\u00f6yle\u015fi.jpg\" alt=\"E\u015fpedal Derne\u011fi Dernekevinde Bisiklet ve Engellilik S\u00f6yle\u015fileri ba\u015fl\u0131yor. \" class=\"wp-image-346\" srcset=\"https:\/\/espedal.org\/wp-content\/uploads\/2019\/02\/2-\u015fubat-s\u00f6yle\u015fi.jpg 960w, https:\/\/espedal.org\/wp-content\/uploads\/2019\/02\/2-\u015fubat-s\u00f6yle\u015fi-600x338.jpg 600w, https:\/\/espedal.org\/wp-content\/uploads\/2019\/02\/2-\u015fubat-s\u00f6yle\u015fi-300x169.jpg 300w, https:\/\/espedal.org\/wp-content\/uploads\/2019\/02\/2-\u015fubat-s\u00f6yle\u015fi-768x432.jpg 768w\" sizes=\"(max-width: 960px) 100vw, 960px\" \/><\/figure>\n\n\n\n<p>\n\nCumartesi g\u00fcnleri Dernekevimizde ger\u00e7ekle\u015ftirmeyi planlad\u0131\u011f\u0131m\u0131z etkinliklerimizde bisiklet, engellilik, eri\u015filebilirlik konular\u0131nda s\u00f6yle\u015filer ve at\u00f6lyeler ger\u00e7ekle\u015ftirmeyi planl\u0131yoruz. Amac\u0131m\u0131z derne\u011fimize yeni kat\u0131lan veya kat\u0131lmak isteyen arkada\u015flar\u0131m\u0131z ile Dernekevinde konuk edece\u011fimiz deneyimli arkada\u015flar\u0131m\u0131z\u0131 bulu\u015fturmak ve tecr\u00fcbelerimizi payla\u015fmak. Bir di\u011fer amac\u0131m\u0131z ise ortak faaliyet i\u00e7erisinde oldu\u011fumuz iyi uygulama \u00f6rneklerinin tan\u0131t\u0131m\u0131 i\u00e7in Dernekevimizde ortam yaratmak.<\/p>\n\n\n\n<p>\u0130lk etkinli\u011fimizde, birlikte T\u00fcrkiye&#8217;nin \u00e7e\u015fitli yerlerinde bir\u00e7ok kez bisiklet festivaline kat\u0131lm\u0131\u015f deneyimli co-pilotumuz Sadriye G\u00f6rece ile deneyimli pilotumuz G\u00fcnd\u00fcz Alt\u0131ok bizlerle olacak. &#8220;Tandem Bisikletle Yol Arkada\u015fl\u0131\u011f\u0131&#8221; kavram\u0131n\u0131 tur an\u0131lar\u0131 ile birlikte anlatacaklar. Bisiklet \u00fczerinde ba\u015flayarak geli\u015ftirdikleri dostluklar\u0131n\u0131n \u00f6yk\u00fcs\u00fcn\u00fc payla\u015facaklar.<\/p>\n\n\n\n<p>Cumartesi g\u00fcn\u00fc saat 12:00&#8217;den itibaren s\u00f6yle\u015fi sonuna kadar Dernekevimiz a\u00e7\u0131k olacak. \u00c7ay\u0131m\u0131z kahvemiz haz\u0131r olacak. Herkesi sohbete bekleriz.<\/p>\n\n\n\n<p>S\u00f6yle\u015fimizi ise saat 17:00&#8217;de ba\u015flat\u0131p 20:00 gibi de sonland\u0131rmay\u0131 planl\u0131yoruz.<\/p>\n\n\n\n<p>E\u015fpedal Dernekevimiz Alsancak Atat\u00fcrk Voleybol Salonunun az ilerisinde, Atat\u00fcrk Kapal\u0131 Y\u00fczme Havuzu Tesislerinin tam kar\u015f\u0131s\u0131nda ve Doktorlar Sitesinde yer al\u0131yor. Ula\u015f\u0131m i\u00e7in otob\u00fcs\u00fc kullanacaklar i\u00e7in en yak\u0131n durak Atat\u00fcrk Kapal\u0131 Y\u00fczme Havuzu dura\u011f\u0131. Tramvay\u0131 kullanacaklar ise Alsancak Atat\u00fcrk Spor Salonu Dura\u011f\u0131nda inebilirler.<\/p>","protected":false},"excerpt":{"rendered":"<p>E\u015fpedal Derne\u011fi Dernekevinde Bisiklet ve Engellilik S\u00f6yle\u015fileri ba\u015fl\u0131yor. <\/p>","protected":false},"author":1,"featured_media":346,"comment_status":"open","ping_status":"open","sticky":false,"template":"","format":"standard","meta":{"om_disable_all_campaigns":false,"_exactmetrics_skip_tracking":false,"_exactmetrics_sitenote_active":false,"_exactmetrics_sitenote_note":"","_exactmetrics_sitenote_category":0,"_monsterinsights_skip_tracking":false,"_monsterinsights_sitenote_active":false,"_monsterinsights_sitenote_note":"","_monsterinsights_sitenote_category":0,"footnotes":""},"categories":[1],"tags":[],"aioseo_notices":[],"_links":{"self":[{"href":"https:\/\/espedal.org\/en\/wp-json\/wp\/v2\/posts\/345"}],"collection":[{"href":"https:\/\/espedal.org\/en\/wp-json\/wp\/v2\/posts"}],"about":[{"href":"https:\/\/espedal.org\/en\/wp-json\/wp\/v2\/types\/post"}],"author":[{"embeddable":true,"href":"https:\/\/espedal.org\/en\/wp-json\/wp\/v2\/users\/1"}],"replies":[{"embeddable":true,"href":"https:\/\/espedal.org\/en\/wp-json\/wp\/v2\/comments?post=345"}],"version-history":[{"count":2,"href":"https:\/\/espedal.org\/en\/wp-json\/wp\/v2\/posts\/345\/revisions"}],"predecessor-version":[{"id":349,"href":"https:\/\/espedal.org\/en\/wp-json\/wp\/v2\/posts\/345\/revisions\/349"}],"wp:featuredmedia":[{"embeddable":true,"href":"https:\/\/espedal.org\/en\/wp-json\/wp\/v2\/media\/346"}],"wp:attachment":[{"href":"https:\/\/espedal.org\/en\/wp-json\/wp\/v2\/media?parent=345"}],"wp:term":[{"taxonomy":"category","embeddable":true,"href":"https:\/\/espedal.org\/en\/wp-json\/wp\/v2\/categories?post=345"},{"taxonomy":"post_tag","embeddable":true,"href":"https:\/\/espedal.org\/en\/wp-json\/wp\/v2\/tags?post=345"}],"curies":[{"name":"wp","href":"https:\/\/api.w.org\/{rel}","templated":true}]}}