{"id":356,"date":"2019-07-09T19:11:31","date_gmt":"2019-07-09T16:11:31","guid":{"rendered":"http:\/\/espedal.org\/?p=356"},"modified":"2019-07-10T15:41:06","modified_gmt":"2019-07-10T12:41:06","slug":"ikinci-ulusal-espedal-dernegi-calistayi-izmirde-gerceklestirildi","status":"publish","type":"post","link":"https:\/\/espedal.org\/en\/ikinci-ulusal-espedal-dernegi-calistayi-izmirde-gerceklestirildi\/","title":{"rendered":"\u0130K\u0130NC\u0130 ULUSAL E\u015ePEDAL DERNE\u011e\u0130 \u00c7ALI\u015eTAYI \u0130ZM\u0130R\u2019DE GER\u00c7EKLE\u015eT\u0130R\u0130LD\u0130"},"content":{"rendered":"<figure class=\"wp-block-image\"><img fetchpriority=\"high\" decoding=\"async\" width=\"1024\" height=\"498\" src=\"http:\/\/espedal.org\/wp-content\/uploads\/2019\/07\/kapak-\u00e7al\u0131\u015ftay-1024x498.jpg\" alt=\"\" class=\"wp-image-357\" srcset=\"https:\/\/espedal.org\/wp-content\/uploads\/2019\/07\/kapak-\u00e7al\u0131\u015ftay-1024x498.jpg 1024w, https:\/\/espedal.org\/wp-content\/uploads\/2019\/07\/kapak-\u00e7al\u0131\u015ftay-600x292.jpg 600w, https:\/\/espedal.org\/wp-content\/uploads\/2019\/07\/kapak-\u00e7al\u0131\u015ftay-300x146.jpg 300w, https:\/\/espedal.org\/wp-content\/uploads\/2019\/07\/kapak-\u00e7al\u0131\u015ftay-768x373.jpg 768w\" sizes=\"(max-width: 1024px) 100vw, 1024px\" \/><\/figure>\n\n\n\n<h2 class=\"wp-block-heading\"> Engelli ve engelsiz bisikletlileri tandem ad\u0131 verilen ikili bisiklet \u00fczerinde yol arkada\u015fl\u0131\u011f\u0131 bilinciyle bir araya getiren E\u015fpedal Derne\u011fi, STGM Birlikte Program\u0131 kapsam\u0131nda 6_7 Temmuz g\u00fcnlerinde ulusal anlamda ikinci \u00e7al\u0131\u015ftay\u0131n\u0131 ger\u00e7ekle\u015ftirdi. <\/h2>\n\n\n\n<figure class=\"wp-block-image is-resized\"><img decoding=\"async\" src=\"http:\/\/espedal.org\/wp-content\/uploads\/2019\/07\/\u00e7al\u0131\u015ftay1-1024x768.jpg\" alt=\"\u00c7al\u0131\u015ftaya \u0130zmir, Ayd\u0131n, Manisa, Denizli, \u00c7anakkale, Bursa, Eski\u015fehir, Ankara ve Gaziantep illerinden \u00e7ok say\u0131da E\u015fpedal \u00fcye ve G\u00f6n\u00fcll\u00fcs\u00fc kat\u0131ld\u0131.\" class=\"wp-image-364\" width=\"512\" height=\"384\" srcset=\"https:\/\/espedal.org\/wp-content\/uploads\/2019\/07\/\u00e7al\u0131\u015ftay1-1024x768.jpg 1024w, https:\/\/espedal.org\/wp-content\/uploads\/2019\/07\/\u00e7al\u0131\u015ftay1-600x450.jpg 600w, https:\/\/espedal.org\/wp-content\/uploads\/2019\/07\/\u00e7al\u0131\u015ftay1-300x225.jpg 300w, https:\/\/espedal.org\/wp-content\/uploads\/2019\/07\/\u00e7al\u0131\u015ftay1-768x576.jpg 768w, https:\/\/espedal.org\/wp-content\/uploads\/2019\/07\/\u00e7al\u0131\u015ftay1-285x214.jpg 285w\" sizes=\"(max-width: 512px) 100vw, 512px\" \/><figcaption>foto\u011frafta \u00e7al\u0131\u015ftay salonundan bir kare yer almakta. G\u00fclcan \u0130lhan sunum yap\u0131yor. 5 ayr\u0131 masada gruplar olu\u015fturulmu\u015f.Kar\u015f\u0131dan sunum yap\u0131lan perde sa\u011fda E\u015fpedal,Avrupa birli\u011fi ve T\u00fcrk bayra\u011f\u0131<\/figcaption><\/figure>\n\n\n\n<p> \u00c7al\u0131\u015ftaya \u0130zmir, Ayd\u0131n, Manisa, Denizli, \u00c7anakkale, Bursa, Eski\u015fehir, Ankara ve Gaziantep illerinden \u00e7ok say\u0131da E\u015fpedal \u00fcye ve G\u00f6n\u00fcll\u00fcs\u00fc kat\u0131ld\u0131.<\/p>\n\n\n\n<p>A\u00e7\u0131l\u0131\u015f konu\u015fmas\u0131nda Sald\u0131ray Alt\u0131nda\u011f, bisikleti arac\u0131 k\u0131larak engellenmi\u015flikleri a\u015fmada E\u015fpedal Derne\u011finin \u00f6nemli bir rol \u00fcstlendi\u011fini belirterek bu \u00e7al\u0131\u015ftayla derne\u011fin kurumsal kapasitesini art\u0131rmay\u0131 ve \u00fcyelerin y\u00f6netimde s\u00f6z sahibi olabilmelerini hedeflediklerini belirtti. <\/p>\n\n\n\n<figure class=\"wp-block-image is-resized\"><img decoding=\"async\" src=\"http:\/\/espedal.org\/wp-content\/uploads\/2019\/07\/20190707_143739-1024x498.jpg\" alt=\"\" class=\"wp-image-365\" width=\"512\" height=\"249\" srcset=\"https:\/\/espedal.org\/wp-content\/uploads\/2019\/07\/20190707_143739-1024x498.jpg 1024w, https:\/\/espedal.org\/wp-content\/uploads\/2019\/07\/20190707_143739-600x292.jpg 600w, https:\/\/espedal.org\/wp-content\/uploads\/2019\/07\/20190707_143739-300x146.jpg 300w, https:\/\/espedal.org\/wp-content\/uploads\/2019\/07\/20190707_143739-768x373.jpg 768w\" sizes=\"(max-width: 512px) 100vw, 512px\" \/><figcaption>Avrupa birli\u011fi,T\u00fcrk bayra\u011f\u0131,E\u015fpedal ve STGM Birlikte program\u0131 bayraklar\u0131<br><\/figcaption><\/figure>\n\n\n\n<p>  A\u00e7\u0131l\u0131\u015f konu\u015fmas\u0131n\u0131n ard\u0131ndan merkez y\u00f6netim kurulu \u00fcyemiz Song\u00fcl Parlak\u2019\u0131n y\u00f6netti\u011fi \u0131s\u0131nma oyunu ile&nbsp; \u00fcyeler kendilerini tan\u0131tt\u0131. Son d\u00f6nem faaliyetleri, &nbsp;b\u00fct\u00e7e kapsam\u0131nda yap\u0131lan &nbsp;harcamalar , di\u011fer kurumsal \u00e7al\u0131\u015fmalar ve STGM birlikte s\u00fcreci G\u00fclcan \u0130lhan ve Ta\u015fk\u0131n \u00d6zg\u00fcr taraf\u0131ndan&nbsp; sunuldu.  <\/p>\n\n\n\n<figure class=\"wp-block-image\"><img loading=\"lazy\" decoding=\"async\" width=\"1024\" height=\"768\" src=\"http:\/\/espedal.org\/wp-content\/uploads\/2019\/07\/g\u00fclcan-han\u0131m-sunum-1024x768.jpg\" alt=\"\" class=\"wp-image-368\" srcset=\"https:\/\/espedal.org\/wp-content\/uploads\/2019\/07\/g\u00fclcan-han\u0131m-sunum-1024x768.jpg 1024w, https:\/\/espedal.org\/wp-content\/uploads\/2019\/07\/g\u00fclcan-han\u0131m-sunum-600x450.jpg 600w, https:\/\/espedal.org\/wp-content\/uploads\/2019\/07\/g\u00fclcan-han\u0131m-sunum-300x225.jpg 300w, https:\/\/espedal.org\/wp-content\/uploads\/2019\/07\/g\u00fclcan-han\u0131m-sunum-768x576.jpg 768w, https:\/\/espedal.org\/wp-content\/uploads\/2019\/07\/g\u00fclcan-han\u0131m-sunum-285x214.jpg 285w\" sizes=\"(max-width: 1024px) 100vw, 1024px\" \/><figcaption>G\u00f6rselde G\u00fclcan \u0130lhan sunum yap\u0131yor<\/figcaption><\/figure>\n\n\n\n<figure class=\"wp-block-image\"><img loading=\"lazy\" decoding=\"async\" width=\"1024\" height=\"768\" src=\"http:\/\/espedal.org\/wp-content\/uploads\/2019\/07\/20190706_113246-1024x768.jpg\" alt=\"\" class=\"wp-image-369\" srcset=\"https:\/\/espedal.org\/wp-content\/uploads\/2019\/07\/20190706_113246-1024x768.jpg 1024w, https:\/\/espedal.org\/wp-content\/uploads\/2019\/07\/20190706_113246-600x450.jpg 600w, https:\/\/espedal.org\/wp-content\/uploads\/2019\/07\/20190706_113246-300x225.jpg 300w, https:\/\/espedal.org\/wp-content\/uploads\/2019\/07\/20190706_113246-768x576.jpg 768w, https:\/\/espedal.org\/wp-content\/uploads\/2019\/07\/20190706_113246-285x214.jpg 285w\" sizes=\"(max-width: 1024px) 100vw, 1024px\" \/><figcaption>G\u00f6rselde Ta\u015fk\u0131n \u00d6zg\u00fcr sunum yap\u0131yor.<\/figcaption><\/figure>","protected":false},"excerpt":{"rendered":"<p>\u0130K\u0130NC\u0130 ULUSAL E\u015ePEDAL DERNE\u011e\u0130 \u00c7ALI\u015eTAYI \u0130ZM\u0130R\u2019DE GER\u00c7EKLE\u015eT\u0130R\u0130LD\u0130<\/p>","protected":false},"author":1,"featured_media":357,"comment_status":"open","ping_status":"open","sticky":false,"template":"","format":"standard","meta":{"om_disable_all_campaigns":false,"_exactmetrics_skip_tracking":false,"_exactmetrics_sitenote_active":false,"_exactmetrics_sitenote_note":"","_exactmetrics_sitenote_category":0,"_monsterinsights_skip_tracking":false,"_monsterinsights_sitenote_active":false,"_monsterinsights_sitenote_note":"","_monsterinsights_sitenote_category":0,"footnotes":""},"categories":[1],"tags":[11,14,6,12,13],"aioseo_notices":[],"_links":{"self":[{"href":"https:\/\/espedal.org\/en\/wp-json\/wp\/v2\/posts\/356"}],"collection":[{"href":"https:\/\/espedal.org\/en\/wp-json\/wp\/v2\/posts"}],"about":[{"href":"https:\/\/espedal.org\/en\/wp-json\/wp\/v2\/types\/post"}],"author":[{"embeddable":true,"href":"https:\/\/espedal.org\/en\/wp-json\/wp\/v2\/users\/1"}],"replies":[{"embeddable":true,"href":"https:\/\/espedal.org\/en\/wp-json\/wp\/v2\/comments?post=356"}],"version-history":[{"count":7,"href":"https:\/\/espedal.org\/en\/wp-json\/wp\/v2\/posts\/356\/revisions"}],"predecessor-version":[{"id":398,"href":"https:\/\/espedal.org\/en\/wp-json\/wp\/v2\/posts\/356\/revisions\/398"}],"wp:featuredmedia":[{"embeddable":true,"href":"https:\/\/espedal.org\/en\/wp-json\/wp\/v2\/media\/357"}],"wp:attachment":[{"href":"https:\/\/espedal.org\/en\/wp-json\/wp\/v2\/media?parent=356"}],"wp:term":[{"taxonomy":"category","embeddable":true,"href":"https:\/\/espedal.org\/en\/wp-json\/wp\/v2\/categories?post=356"},{"taxonomy":"post_tag","embeddable":true,"href":"https:\/\/espedal.org\/en\/wp-json\/wp\/v2\/tags?post=356"}],"curies":[{"name":"wp","href":"https:\/\/api.w.org\/{rel}","templated":true}]}}