{"id":372,"date":"2019-07-10T15:20:52","date_gmt":"2019-07-10T12:20:52","guid":{"rendered":"http:\/\/espedal.org\/?p=372"},"modified":"2019-07-11T11:34:53","modified_gmt":"2019-07-11T08:34:53","slug":"2-ulusal-espedal-calistayinda-turkiyenin-farkli-illerinden-gelen-temsilciliklerimiz-bulustu","status":"publish","type":"post","link":"https:\/\/espedal.org\/en\/2-ulusal-espedal-calistayinda-turkiyenin-farkli-illerinden-gelen-temsilciliklerimiz-bulustu\/","title":{"rendered":"2.Ulusal E\u015fpedal \u00c7al\u0131\u015ftay\u0131nda T\u00fcrkiye&#8217;nin farkl\u0131 illerinden gelen temsilciliklerimiz bulu\u015ftu"},"content":{"rendered":"<figure class=\"wp-block-image\"><img fetchpriority=\"high\" decoding=\"async\" width=\"1024\" height=\"768\" src=\"http:\/\/espedal.org\/wp-content\/uploads\/2019\/07\/manisa_nuri-\u00f6zt\u00fcrk-1-1024x768.jpg\" alt=\"\" class=\"wp-image-376\" srcset=\"https:\/\/espedal.org\/wp-content\/uploads\/2019\/07\/manisa_nuri-\u00f6zt\u00fcrk-1-1024x768.jpg 1024w, https:\/\/espedal.org\/wp-content\/uploads\/2019\/07\/manisa_nuri-\u00f6zt\u00fcrk-1-600x450.jpg 600w, https:\/\/espedal.org\/wp-content\/uploads\/2019\/07\/manisa_nuri-\u00f6zt\u00fcrk-1-300x225.jpg 300w, https:\/\/espedal.org\/wp-content\/uploads\/2019\/07\/manisa_nuri-\u00f6zt\u00fcrk-1-768x576.jpg 768w, https:\/\/espedal.org\/wp-content\/uploads\/2019\/07\/manisa_nuri-\u00f6zt\u00fcrk-1-285x214.jpg 285w\" sizes=\"(max-width: 1024px) 100vw, 1024px\" \/><figcaption>Manisa temsilcimiz Nuri \u00d6zt\u00fcrk<\/figcaption><\/figure>\n\n\n\n<p>6-7 Temmuz tarihleri aras\u0131nda \u0130zmir&#8217;de ger\u00e7ekle\u015ftirilen  E\u015fpedal Ulusal \u00e7al\u0131\u015ftay\u0131nda \u0130zmir, Ayd\u0131n, Manisa, Denizli, \u00c7anakkale, Bursa, Eski\u015fehir, Ankara ve Gaziantep illerinden \u00e7ok say\u0131da E\u015fpedal \u00fcye ve g\u00f6n\u00fcll\u00fcs\u00fc bir araya gelerek  yapt\u0131klar\u0131 faaliyetleri ve sorunlar\u0131 payla\u015fma f\u0131rsat\u0131 buldu.<\/p>\n\n\n\n<figure class=\"wp-block-image\"><img decoding=\"async\" width=\"1024\" height=\"768\" src=\"http:\/\/espedal.org\/wp-content\/uploads\/2019\/07\/g.antep_c\u00fcneyt-k\u00f6kalan-1024x768.jpg\" alt=\"Gaziantep temsilcimiz C\u00fcneyt K\u00f6kalan\" class=\"wp-image-373\" srcset=\"https:\/\/espedal.org\/wp-content\/uploads\/2019\/07\/g.antep_c\u00fcneyt-k\u00f6kalan-1024x768.jpg 1024w, https:\/\/espedal.org\/wp-content\/uploads\/2019\/07\/g.antep_c\u00fcneyt-k\u00f6kalan-600x450.jpg 600w, https:\/\/espedal.org\/wp-content\/uploads\/2019\/07\/g.antep_c\u00fcneyt-k\u00f6kalan-300x225.jpg 300w, https:\/\/espedal.org\/wp-content\/uploads\/2019\/07\/g.antep_c\u00fcneyt-k\u00f6kalan-768x576.jpg 768w, https:\/\/espedal.org\/wp-content\/uploads\/2019\/07\/g.antep_c\u00fcneyt-k\u00f6kalan-285x214.jpg 285w\" sizes=\"(max-width: 1024px) 100vw, 1024px\" \/><figcaption>Gaziantep temsilcimiz C\u00fcneyt K\u00f6kalan<\/figcaption><\/figure>\n\n\n\n<figure class=\"wp-block-image\"><img decoding=\"async\" width=\"1024\" height=\"768\" src=\"http:\/\/espedal.org\/wp-content\/uploads\/2019\/07\/denizli_H\u00fcseyin-garip-1024x768.jpg\" alt=\"\" class=\"wp-image-378\" srcset=\"https:\/\/espedal.org\/wp-content\/uploads\/2019\/07\/denizli_H\u00fcseyin-garip-1024x768.jpg 1024w, https:\/\/espedal.org\/wp-content\/uploads\/2019\/07\/denizli_H\u00fcseyin-garip-600x450.jpg 600w, https:\/\/espedal.org\/wp-content\/uploads\/2019\/07\/denizli_H\u00fcseyin-garip-300x225.jpg 300w, https:\/\/espedal.org\/wp-content\/uploads\/2019\/07\/denizli_H\u00fcseyin-garip-768x576.jpg 768w, https:\/\/espedal.org\/wp-content\/uploads\/2019\/07\/denizli_H\u00fcseyin-garip-285x214.jpg 285w\" sizes=\"(max-width: 1024px) 100vw, 1024px\" \/><figcaption>Denizli temsilcimiz H\u00fcseyin Garip<br><br><\/figcaption><\/figure>\n\n\n\n<figure class=\"wp-block-image\"><img loading=\"lazy\" decoding=\"async\" width=\"1024\" height=\"768\" src=\"http:\/\/espedal.org\/wp-content\/uploads\/2019\/07\/ankara_\u00e7a\u011flar-yal\u00e7\u0131n-1024x768.jpg\" alt=\"\" class=\"wp-image-388\" srcset=\"https:\/\/espedal.org\/wp-content\/uploads\/2019\/07\/ankara_\u00e7a\u011flar-yal\u00e7\u0131n-1024x768.jpg 1024w, https:\/\/espedal.org\/wp-content\/uploads\/2019\/07\/ankara_\u00e7a\u011flar-yal\u00e7\u0131n-600x450.jpg 600w, https:\/\/espedal.org\/wp-content\/uploads\/2019\/07\/ankara_\u00e7a\u011flar-yal\u00e7\u0131n-300x225.jpg 300w, https:\/\/espedal.org\/wp-content\/uploads\/2019\/07\/ankara_\u00e7a\u011flar-yal\u00e7\u0131n-768x576.jpg 768w, https:\/\/espedal.org\/wp-content\/uploads\/2019\/07\/ankara_\u00e7a\u011flar-yal\u00e7\u0131n-285x214.jpg 285w\" sizes=\"(max-width: 1024px) 100vw, 1024px\" \/><figcaption>Ankara temsilcili\u011fimizden \u00c7a\u011flar Yal\u00e7\u0131n sunumunu yap\u0131yor.<\/figcaption><\/figure>\n\n\n\n<figure class=\"wp-block-image\"><img loading=\"lazy\" decoding=\"async\" width=\"1024\" height=\"498\" src=\"http:\/\/espedal.org\/wp-content\/uploads\/2019\/07\/bursa_mehmet-do\u011fanay-1024x498.jpg\" alt=\"\" class=\"wp-image-379\" srcset=\"https:\/\/espedal.org\/wp-content\/uploads\/2019\/07\/bursa_mehmet-do\u011fanay-1024x498.jpg 1024w, https:\/\/espedal.org\/wp-content\/uploads\/2019\/07\/bursa_mehmet-do\u011fanay-600x292.jpg 600w, https:\/\/espedal.org\/wp-content\/uploads\/2019\/07\/bursa_mehmet-do\u011fanay-300x146.jpg 300w, https:\/\/espedal.org\/wp-content\/uploads\/2019\/07\/bursa_mehmet-do\u011fanay-768x373.jpg 768w\" sizes=\"(max-width: 1024px) 100vw, 1024px\" \/><figcaption>Bursa temsilcimiz Mehmet Do\u011fanc\u0131 sunumunu yap\u0131yor.<\/figcaption><\/figure>\n\n\n\n<p> Manisa temsilcimiz\u00a0 Nuri \u00d6zt\u00fcrk,Denizli temsilcimiz H\u00fcseyin Garip, Gaziantep temsilcimiz C\u00fcneyt K\u00f6kalan , Bursa temsilcimiz Mehmet Do\u011fanc\u0131 ,Ankara temsilcili\u011fimizden \u00c7a\u011flar Yal\u00e7\u0131n  ve Eski\u015fehir\u00a0 Velesbid derne\u011fi ba\u015fkan\u0131 say\u0131n Rahime \u00c7elen yapt\u0131klar\u0131 sunumlara ek olarak grup \u00e7al\u0131\u015fmalar\u0131na da aktif kat\u0131larak  \u00e7al\u0131\u015fataya katk\u0131 sa\u011flad\u0131lar.<\/p>\n\n\n\n<figure class=\"wp-block-image\"><img loading=\"lazy\" decoding=\"async\" width=\"1024\" height=\"498\" src=\"http:\/\/espedal.org\/wp-content\/uploads\/2019\/07\/velesbid_rahime-\u00e7elen-1024x498.jpg\" alt=\"\" class=\"wp-image-382\" srcset=\"https:\/\/espedal.org\/wp-content\/uploads\/2019\/07\/velesbid_rahime-\u00e7elen-1024x498.jpg 1024w, https:\/\/espedal.org\/wp-content\/uploads\/2019\/07\/velesbid_rahime-\u00e7elen-600x292.jpg 600w, https:\/\/espedal.org\/wp-content\/uploads\/2019\/07\/velesbid_rahime-\u00e7elen-300x146.jpg 300w, https:\/\/espedal.org\/wp-content\/uploads\/2019\/07\/velesbid_rahime-\u00e7elen-768x373.jpg 768w\" sizes=\"(max-width: 1024px) 100vw, 1024px\" \/><figcaption>G\u00f6rselde davetimizi k\u0131rmayarak Eski\u015fehir&#8217;den gelen Velesbid derne\u011fi ba\u015fkan\u0131 Say\u0131n Rahime \u00c7elen han\u0131m grup \u00e7al\u0131\u015fmas\u0131 s\u0131ras\u0131nda bir konu\u015fma yap\u0131yor.<\/figcaption><\/figure>\n\n\n\n<p>Sunumlar\u0131n ard\u0131ndan kat\u0131l\u0131mc\u0131lar, uygulanan anketlerle belirlenen \u00e7al\u0131\u015ftay konular\u0131n\u0131 tart\u0131\u015fmaya ba\u015flad\u0131lar.<\/p>\n\n\n\n<p>\u00c7al\u0131\u015ftay\u0131n ilk g\u00fcn\u00fcnde, \u00fcye&amp;g\u00f6n\u00fcll\u00fc kazan\u0131m\u0131, y\u00f6netsel ve finansal s\u00fcrd\u00fcr\u00fclebilirlik, tandem bisikletin paralimpik bir bran\u015f olarak kabul edilebilmesi ama\u00e7l\u0131 \u00e7al\u0131\u015fmalar konular\u0131 masaya yat\u0131r\u0131ld\u0131.<\/p>\n\n\n\n<p>Proje uzman\u0131 Bar\u0131\u015f \u00d6zcan\u2019\u0131n kaynak geli\u015ftirme ve s\u00fcrd\u00fcr\u00fclebilirlik konusunda yapt\u0131\u011f\u0131 sunumun ard\u0131ndan  \u00e7al\u0131\u015ftay\u0131n ilk g\u00fcn\u00fc tamamland\u0131. T\u00fcm grup \u0130zmir d\u0131\u015f\u0131ndan gelen misafirlerimizin konaklad\u0131\u011f\u0131 otele ge\u00e7erek ak\u015fam yeme\u011fini birlikte yedi.<\/p>\n\n\n\n<figure class=\"wp-block-image\"><img loading=\"lazy\" decoding=\"async\" width=\"1024\" height=\"768\" src=\"http:\/\/espedal.org\/wp-content\/uploads\/2019\/07\/bar\u0131\u015f-1-1024x768.jpg\" alt=\"\" class=\"wp-image-385\" srcset=\"https:\/\/espedal.org\/wp-content\/uploads\/2019\/07\/bar\u0131\u015f-1-1024x768.jpg 1024w, https:\/\/espedal.org\/wp-content\/uploads\/2019\/07\/bar\u0131\u015f-1-600x450.jpg 600w, https:\/\/espedal.org\/wp-content\/uploads\/2019\/07\/bar\u0131\u015f-1-300x225.jpg 300w, https:\/\/espedal.org\/wp-content\/uploads\/2019\/07\/bar\u0131\u015f-1-768x576.jpg 768w, https:\/\/espedal.org\/wp-content\/uploads\/2019\/07\/bar\u0131\u015f-1-285x214.jpg 285w\" sizes=\"(max-width: 1024px) 100vw, 1024px\" \/><figcaption>G\u00f6rselde Bar\u0131\u015f \u00d6zcan sunumunu yap\u0131yor.<\/figcaption><\/figure>\n\n\n\n<p>\u00c7al\u0131\u015ftay\u0131n ikinci g\u00fcn\u00fcnde  Engelsiz eri\u015fim derne\u011fi ba\u015fkan\u0131 Say\u0131n Dr. Engin Y\u0131lmaz konu\u015fmac\u0131 olarak dahil oldu. Engellilik bilinci konusunda sunum yapan Dr. Engin Y\u0131lmaz, kat\u0131l\u0131mc\u0131lardan yo\u011fun ilgi g\u00f6rd\u00fc. \u0130kinci g\u00fcn  derne\u011fin 2020 faaliyet plan\u0131,merkez ve temsilcilik ili\u015fkileri,sosyal medya hesaplar\u0131n\u0131n y\u00f6netimi ve derne\u011fin eri\u015filebilirlik sorunlar\u0131na yakla\u015f\u0131m\u0131 gibi konularda kat\u0131l\u0131mc\u0131lar fikirlerini tart\u0131\u015farak ortaya koydular. <\/p>\n\n\n\n<figure class=\"wp-block-image\"><img loading=\"lazy\" decoding=\"async\" width=\"1024\" height=\"768\" src=\"http:\/\/espedal.org\/wp-content\/uploads\/2019\/07\/Engin-hoca-1024x768.jpg\" alt=\"Dr. Engin Y\u0131lmaz\" class=\"wp-image-386\" srcset=\"https:\/\/espedal.org\/wp-content\/uploads\/2019\/07\/Engin-hoca-1024x768.jpg 1024w, https:\/\/espedal.org\/wp-content\/uploads\/2019\/07\/Engin-hoca-600x450.jpg 600w, https:\/\/espedal.org\/wp-content\/uploads\/2019\/07\/Engin-hoca-300x225.jpg 300w, https:\/\/espedal.org\/wp-content\/uploads\/2019\/07\/Engin-hoca-768x576.jpg 768w, https:\/\/espedal.org\/wp-content\/uploads\/2019\/07\/Engin-hoca-285x214.jpg 285w\" sizes=\"(max-width: 1024px) 100vw, 1024px\" \/><figcaption>G\u00f6rsel de Dr.Engin Y\u0131lmaz sunumunu yap\u0131yor.De\u011ferli katk\u0131lar\u0131ndan dolay\u0131 kendisine te\u015fekk\u00fcr ederiz.<\/figcaption><\/figure>\n\n\n\n<p>Raporlama \u00e7al\u0131\u015fmalar\u0131n\u0131n ard\u0131ndan 6 Temmuz Pazar g\u00fcn\u00fc \u00e7al\u0131\u015ftay\u0131m\u0131z sona erdi.<\/p>\n\n\n\n<figure class=\"wp-block-image\"><img loading=\"lazy\" decoding=\"async\" width=\"1024\" height=\"768\" src=\"http:\/\/espedal.org\/wp-content\/uploads\/2019\/07\/kapan\u0131\u015f-2-1024x768.jpg\" alt=\"\" class=\"wp-image-393\" srcset=\"https:\/\/espedal.org\/wp-content\/uploads\/2019\/07\/kapan\u0131\u015f-2-1024x768.jpg 1024w, https:\/\/espedal.org\/wp-content\/uploads\/2019\/07\/kapan\u0131\u015f-2-600x450.jpg 600w, https:\/\/espedal.org\/wp-content\/uploads\/2019\/07\/kapan\u0131\u015f-2-300x225.jpg 300w, https:\/\/espedal.org\/wp-content\/uploads\/2019\/07\/kapan\u0131\u015f-2-768x576.jpg 768w, https:\/\/espedal.org\/wp-content\/uploads\/2019\/07\/kapan\u0131\u015f-2-285x214.jpg 285w\" sizes=\"(max-width: 1024px) 100vw, 1024px\" \/><figcaption>\u00c7al\u0131\u015ftay kapan\u0131\u015f\u0131nda t\u00fcm ekip \u0130zmir Sanat binas\u0131 \u00f6n\u00fcnde aile foto\u011fraf\u0131 \u00e7ektirdi. G\u00f6rselde grup, binan\u0131n giri\u015f kap\u0131s\u0131 \u00f6n\u00fcnde yar\u0131m ay \u015feklinde dizilmi\u015f durumda,\u00f6ncekiler \u00fcst\u00fcnde &#8216;Birlikte pedall\u0131yoruz,alg\u0131lar\u0131 de\u011fi\u015ftiriyoruz&#8217; yazan bir pankart tutuyor. <\/figcaption><\/figure>","protected":false},"excerpt":{"rendered":"<p>6-7 Temmuz tarihleri aras\u0131nda \u0130zmir&#8217;de ger\u00e7ekle\u015ftirilen E\u015fpedal Ulusal \u00e7al\u0131\u015ftay\u0131nda \u0130zmir, Ayd\u0131n, Manisa, Denizli, \u00c7anakkale, Bursa, Eski\u015fehir, Ankara ve Gaziantep illerinden \u00e7ok say\u0131da E\u015fpedal \u00fcye ve g\u00f6n\u00fcll\u00fcs\u00fc bir araya gelerek yapt\u0131klar\u0131 faaliyetleri ve sorunlar\u0131 payla\u015fma f\u0131rsat\u0131 buldu. Manisa temsilcimiz\u00a0 Nuri \u00d6zt\u00fcrk,Denizli temsilcimiz H\u00fcseyin Garip, Gaziantep temsilcimiz C\u00fcneyt K\u00f6kalan , Bursa temsilcimiz Mehmet Do\u011fanc\u0131 ,Ankara temsilcili\u011fimizden \u00c7a\u011flar [&hellip;]<\/p>\n","protected":false},"author":1,"featured_media":373,"comment_status":"open","ping_status":"open","sticky":false,"template":"","format":"standard","meta":{"om_disable_all_campaigns":false,"_exactmetrics_skip_tracking":false,"_exactmetrics_sitenote_active":false,"_exactmetrics_sitenote_note":"","_exactmetrics_sitenote_category":0,"_monsterinsights_skip_tracking":false,"_monsterinsights_sitenote_active":false,"_monsterinsights_sitenote_note":"","_monsterinsights_sitenote_category":0,"footnotes":""},"categories":[1],"tags":[],"aioseo_notices":[],"_links":{"self":[{"href":"https:\/\/espedal.org\/en\/wp-json\/wp\/v2\/posts\/372"}],"collection":[{"href":"https:\/\/espedal.org\/en\/wp-json\/wp\/v2\/posts"}],"about":[{"href":"https:\/\/espedal.org\/en\/wp-json\/wp\/v2\/types\/post"}],"author":[{"embeddable":true,"href":"https:\/\/espedal.org\/en\/wp-json\/wp\/v2\/users\/1"}],"replies":[{"embeddable":true,"href":"https:\/\/espedal.org\/en\/wp-json\/wp\/v2\/comments?post=372"}],"version-history":[{"count":10,"href":"https:\/\/espedal.org\/en\/wp-json\/wp\/v2\/posts\/372\/revisions"}],"predecessor-version":[{"id":399,"href":"https:\/\/espedal.org\/en\/wp-json\/wp\/v2\/posts\/372\/revisions\/399"}],"wp:featuredmedia":[{"embeddable":true,"href":"https:\/\/espedal.org\/en\/wp-json\/wp\/v2\/media\/373"}],"wp:attachment":[{"href":"https:\/\/espedal.org\/en\/wp-json\/wp\/v2\/media?parent=372"}],"wp:term":[{"taxonomy":"category","embeddable":true,"href":"https:\/\/espedal.org\/en\/wp-json\/wp\/v2\/categories?post=372"},{"taxonomy":"post_tag","embeddable":true,"href":"https:\/\/espedal.org\/en\/wp-json\/wp\/v2\/tags?post=372"}],"curies":[{"name":"wp","href":"https:\/\/api.w.org\/{rel}","templated":true}]}}