{"id":425,"date":"2019-12-11T16:18:58","date_gmt":"2019-12-11T13:18:58","guid":{"rendered":"http:\/\/espedal.org\/?p=425"},"modified":"2019-12-11T16:19:00","modified_gmt":"2019-12-11T13:19:00","slug":"olaganustu-genel-kurul-toplantisi-cagrisi","status":"publish","type":"post","link":"https:\/\/espedal.org\/en\/olaganustu-genel-kurul-toplantisi-cagrisi\/","title":{"rendered":"OLA\u011eAN\u00dcST\u00dc GENEL KURUL TOPLANTISI \u00c7A\u011eRISI"},"content":{"rendered":"<p>De\u011ferli \u00fcyelerimiz, Derne\u011fimizin ola\u011fan genel kurul toplant\u0131 tarihi 2020 y\u0131l\u0131 mart ay\u0131na denk gelmekte ancak bu ay\u0131n  mevsim itibariyle hem bisiklet sezonunun a\u00e7\u0131l\u0131\u015f\u0131 hem de yeni projelere ait ger\u00e7ekle\u015fecek faaliyetler nedeniyle yo\u011fun ge\u00e7ece\u011fi \u00f6ng\u00f6r\u00fclmekte oldu\u011fundan   y\u00f6netim kurulunun ve g\u00f6rev da\u011f\u0131l\u0131mlar\u0131n\u0131n yenilenmesi amac\u0131yla Genel kurul toplant\u0131s\u0131n\u0131n iki ay \u00f6ne \u00e7ekilmesine oy \u00e7oklu\u011fu ile karar verilmi\u015ftir. Bu ba\u011flamda Ola\u011fan\u00fcst\u00fc genel kurul toplant\u0131s\u0131n\u0131n 29 Aral\u0131k 2019 Pazar g\u00fcn\u00fc saat 15:00&#8217;da derne\u011fimizin merkez ofisi olan Ali \u00c7etinkaya Bulvar\u0131 Mimar Sinan Mahallesi ,Doktorlar Sitesi  No:68 Daire:2 Konak\/\u0130zmir adresinde yap\u0131lmas\u0131na, <strong>belirtilen tarihte \u00e7o\u011funlu\u011fun sa\u011flanamamas\u0131 durumunda ise  Ola\u011fan\u00fcst\u00fc Genel Kurul toplant\u0131s\u0131n\u0131n, 5 OCAK 2019 PAZAR g\u00fcn\u00fc saat 15:00&#8217;da ayn\u0131 adreste \u00e7o\u011funluk aranmaks\u0131z\u0131n toplanmas\u0131na karar verilmi\u015ftir.<\/strong><\/p>\n\n\n\n<p>Genel kurulda asil \u00fcyelerimizin oy kullanma hakk\u0131 bulunmaktad\u0131r.Dernekler yasas\u0131 gere\u011fi genel kurulda vekalet ile oy kullanma hakk\u0131 bulunmamaktad\u0131r. Bu nedenle \u00fcyelerimizin toplant\u0131da bizzat bulunmas\u0131 gerekmektedir. Kimlik ibraz\u0131 zorunlu olup n\u00fcfus c\u00fczdan\u0131,ehliyet,pasaport ge\u00e7erlidir.<\/p>\n\n\n\n<p>G\u00dcNDEM MADDELER\u0130:<\/p>\n\n\n\n<ol><li>A\u00e7\u0131l\u0131\u015f ve sayg\u0131 duru\u015fu<\/li><li>\u0130stiklal Mar\u015f\u0131 okunmas\u0131<\/li><li>Genel Kurul ba\u015fkanl\u0131k divan\u0131 se\u00e7imi; Divan ba\u015fkan\u0131,Divan Sekreteri ve Divan Katibinin se\u00e7ilmesi<\/li><li>Derne\u011fin faaliyet plan\u0131 ve mali durumunun g\u00f6r\u00fc\u015f\u00fclmesi<\/li><li>Dilek ve temenniler<\/li><li>Kapan\u0131\u015f<\/li><\/ol>\n\n\n\n<p>T\u00fcm \u00fcyelerimize ve kamuoyuna duyurulur.<\/p>\n\n\n\n<p><\/p>","protected":false},"excerpt":{"rendered":"<p>De\u011ferli \u00fcyelerimiz, Derne\u011fimizin ola\u011fan genel kurul toplant\u0131 tarihi 2020 y\u0131l\u0131 mart ay\u0131na denk gelmekte ancak bu ay\u0131n mevsim itibariyle hem bisiklet sezonunun a\u00e7\u0131l\u0131\u015f\u0131 hem de yeni projelere ait ger\u00e7ekle\u015fecek faaliyetler nedeniyle yo\u011fun ge\u00e7ece\u011fi \u00f6ng\u00f6r\u00fclmekte oldu\u011fundan y\u00f6netim kurulunun ve g\u00f6rev da\u011f\u0131l\u0131mlar\u0131n\u0131n yenilenmesi amac\u0131yla Genel kurul toplant\u0131s\u0131n\u0131n iki ay \u00f6ne \u00e7ekilmesine oy \u00e7oklu\u011fu ile karar verilmi\u015ftir. Bu [&hellip;]<\/p>\n","protected":false},"author":1,"featured_media":0,"comment_status":"open","ping_status":"open","sticky":false,"template":"","format":"standard","meta":{"om_disable_all_campaigns":false,"_exactmetrics_skip_tracking":false,"_exactmetrics_sitenote_active":false,"_exactmetrics_sitenote_note":"","_exactmetrics_sitenote_category":0,"_monsterinsights_skip_tracking":false,"_monsterinsights_sitenote_active":false,"_monsterinsights_sitenote_note":"","_monsterinsights_sitenote_category":0,"footnotes":""},"categories":[1],"tags":[6,19,18,20],"aioseo_notices":[],"_links":{"self":[{"href":"https:\/\/espedal.org\/en\/wp-json\/wp\/v2\/posts\/425"}],"collection":[{"href":"https:\/\/espedal.org\/en\/wp-json\/wp\/v2\/posts"}],"about":[{"href":"https:\/\/espedal.org\/en\/wp-json\/wp\/v2\/types\/post"}],"author":[{"embeddable":true,"href":"https:\/\/espedal.org\/en\/wp-json\/wp\/v2\/users\/1"}],"replies":[{"embeddable":true,"href":"https:\/\/espedal.org\/en\/wp-json\/wp\/v2\/comments?post=425"}],"version-history":[{"count":2,"href":"https:\/\/espedal.org\/en\/wp-json\/wp\/v2\/posts\/425\/revisions"}],"predecessor-version":[{"id":427,"href":"https:\/\/espedal.org\/en\/wp-json\/wp\/v2\/posts\/425\/revisions\/427"}],"wp:attachment":[{"href":"https:\/\/espedal.org\/en\/wp-json\/wp\/v2\/media?parent=425"}],"wp:term":[{"taxonomy":"category","embeddable":true,"href":"https:\/\/espedal.org\/en\/wp-json\/wp\/v2\/categories?post=425"},{"taxonomy":"post_tag","embeddable":true,"href":"https:\/\/espedal.org\/en\/wp-json\/wp\/v2\/tags?post=425"}],"curies":[{"name":"wp","href":"https:\/\/api.w.org\/{rel}","templated":true}]}}