{"id":729,"date":"2018-07-30T12:04:32","date_gmt":"2018-07-30T12:04:32","guid":{"rendered":"http:\/\/espedal.org\/stgm-birlikte-programi-on-bilgilendirme-toplantisi\/"},"modified":"2018-07-30T12:04:32","modified_gmt":"2018-07-30T12:04:32","slug":"stgm-birlikte-programi-on-bilgilendirme-toplantisi","status":"publish","type":"post","link":"https:\/\/espedal.org\/en\/stgm-birlikte-programi-on-bilgilendirme-toplantisi\/","title":{"rendered":"STGM Birlikte Program\u0131 \u00d6n bilgilendirme toplant\u0131s\u0131"},"content":{"rendered":"<p>De\u011ferli \u00dcyelerimiz ve g\u00f6n\u00fcll\u00fc arkada\u015flar,<\/p>\n<p>Avrupa Birli\u011fi\u2019nin bir inisiyatifi olan Sivil Toplumu Geli\u015ftirme Merkezi taraf\u0131ndan organize edilen\u00a0\u2018Birlikte\u2019 hibe program\u0131na 2018 ocak ay\u0131 i\u00e7erisinde ba\u015fvurmu\u015ftuk.Ba\u015fvuran y\u00fczlerce STK aras\u0131ndan 3 a\u015famal\u0131 bir eleme sonras\u0131nda hibe program\u0131na dahil olmam\u0131z kabul edildi. Bu ak\u015fam(30.07.2018) saat 19:00\u2032da Alsancak\/\u0130zmir Gestin Cafe\u2019de\u00a0 \u00fcyelerimiz ve g\u00f6n\u00fcll\u00fclerimizle bir araya gelerek hem STGM hakk\u0131nda hemde\u00a0 hibe kapsam\u0131nda olu\u015fturulan b\u00fct\u00e7e ve faaliyet planlar\u0131 hakk\u0131nda sohbet edece\u011fiz. \u0130lgilenen t\u00fcm arkada\u015flar\u0131 bekliyoruz\u00a0<\/p>","protected":false},"excerpt":{"rendered":"<p>De\u011ferli \u00dcyelerimiz ve g\u00f6n\u00fcll\u00fc arkada\u015flar, Avrupa Birli\u011fi\u2019nin bir inisiyatifi olan Sivil Toplumu Geli\u015ftirme Merkezi taraf\u0131ndan organize edilen\u00a0\u2018Birlikte\u2019 hibe program\u0131na 2018 ocak ay\u0131 i\u00e7erisinde ba\u015fvurmu\u015ftuk.Ba\u015fvuran y\u00fczlerce STK aras\u0131ndan 3 a\u015famal\u0131 bir eleme sonras\u0131nda hibe program\u0131na dahil olmam\u0131z kabul edildi. Bu ak\u015fam(30.07.2018) saat 19:00\u2032da Alsancak\/\u0130zmir Gestin Cafe\u2019de\u00a0 \u00fcyelerimiz ve g\u00f6n\u00fcll\u00fclerimizle bir araya gelerek hem STGM hakk\u0131nda hemde\u00a0 [&hellip;]<\/p>\n","protected":false},"author":1,"featured_media":0,"comment_status":"open","ping_status":"open","sticky":false,"template":"","format":"standard","meta":{"om_disable_all_campaigns":false,"_exactmetrics_skip_tracking":false,"_exactmetrics_sitenote_active":false,"_exactmetrics_sitenote_note":"","_exactmetrics_sitenote_category":0,"_monsterinsights_skip_tracking":false,"_monsterinsights_sitenote_active":false,"_monsterinsights_sitenote_note":"","_monsterinsights_sitenote_category":0,"footnotes":""},"categories":[1],"tags":[],"aioseo_notices":[],"_links":{"self":[{"href":"https:\/\/espedal.org\/en\/wp-json\/wp\/v2\/posts\/729"}],"collection":[{"href":"https:\/\/espedal.org\/en\/wp-json\/wp\/v2\/posts"}],"about":[{"href":"https:\/\/espedal.org\/en\/wp-json\/wp\/v2\/types\/post"}],"author":[{"embeddable":true,"href":"https:\/\/espedal.org\/en\/wp-json\/wp\/v2\/users\/1"}],"replies":[{"embeddable":true,"href":"https:\/\/espedal.org\/en\/wp-json\/wp\/v2\/comments?post=729"}],"version-history":[{"count":0,"href":"https:\/\/espedal.org\/en\/wp-json\/wp\/v2\/posts\/729\/revisions"}],"wp:attachment":[{"href":"https:\/\/espedal.org\/en\/wp-json\/wp\/v2\/media?parent=729"}],"wp:term":[{"taxonomy":"category","embeddable":true,"href":"https:\/\/espedal.org\/en\/wp-json\/wp\/v2\/categories?post=729"},{"taxonomy":"post_tag","embeddable":true,"href":"https:\/\/espedal.org\/en\/wp-json\/wp\/v2\/tags?post=729"}],"curies":[{"name":"wp","href":"https:\/\/api.w.org\/{rel}","templated":true}]}}