{"id":753,"date":"2017-12-16T17:14:16","date_gmt":"2017-12-16T17:14:16","guid":{"rendered":"http:\/\/espedal.org\/3-aralik-engeliler-gunu-bisiklet-korteji-etkinligi\/"},"modified":"2017-12-16T17:14:16","modified_gmt":"2017-12-16T17:14:16","slug":"3-aralik-engeliler-gunu-bisiklet-korteji-etkinligi","status":"publish","type":"post","link":"https:\/\/espedal.org\/en\/3-aralik-engeliler-gunu-bisiklet-korteji-etkinligi\/","title":{"rendered":"3 Aral\u0131k engeliler g\u00fcn\u00fc bisiklet korteji etkinli\u011fi ve bas\u0131n bildirisi \/\u0130zmir"},"content":{"rendered":"<figure class=\"tmblr-embed tmblr-full\" data-provider=\"youtube\" data-orig-width=\"540\" data-orig-height=\"304\" data-url=\"https%3A%2F%2Fwww.youtube.com%2Fembed%2FG-D5MwGZ-8A\"><\/figure>\n<p>Bu sene ikincisini d\u00fczenlemi\u015f oldu\u011fumuz 3 Aral\u0131k D\u00fcnya Engelliler G\u00fcn\u00fc Bisiklet Korteji yine olduk\u00e7a y\u00fcksek bir kat\u0131l\u0131m ile ger\u00e7ekle\u015fti. T\u00fcrkiye\u2019nin bir\u00e7ok \u015fehrinde e\u015f zamanl\u0131 olarak ger\u00e7ekle\u015ftirilen kortej ulusal boyutta b\u00fcy\u00fck ses getirdi. \u0130zmir\u2019in en i\u015flek sokaklar\u0131 sloganlar\u0131m\u0131zla yank\u0131land\u0131. \u0130yi bir fark\u0131ndal\u0131k sa\u011flayarak bu g\u00fcne anlam katt\u0131k.<\/p>\n<p>Saat 14\u2019de \u00dc\u00e7kuyular Vapur \u0130skelesi\u2019nde toplanarak sahil yolundan Cumhuriyet Meydan\u0131\u2019na kadar yakla\u015f\u0131k 150 bisikletli ile ger\u00e7ekle\u015ftirmi\u015f oldu\u011fumuz s\u00fcr\u00fc\u015f saat 15\u2019de Elif \u00dcnver arkada\u015f\u0131m\u0131z\u0131n braille alfabesi ile yaz\u0131l\u0131 (kabartma yaz\u0131) bas\u0131n bildirimizi okumas\u0131 ile son buldu. Bas\u0131n bildirimizin hemen ard\u0131ndan meydanda sloganlar atarak sesimizi duyurduk. E\u015fit, eri\u015filebilir ve engelsiz bir hayat i\u00e7in sadece engelliler i\u00e7in de\u011fil bisikletliler i\u00e7in de d\u00fczenlemelerin gerekti\u011fine vurgu yapt\u0131k. \u00c7\u00fcnk\u00fc biz engelli bisiklet\u00e7iler olarak her iki alanda \u00e7al\u0131\u015fmalar\u0131n takip\u00e7isi oluyoruz ve fark\u0131ndal\u0131k yaratmaya \u00e7al\u0131\u015f\u0131yoruz. B\u00f6ylece engellili\u011fe ve bisikletlili\u011fe ili\u015fkin sloganlar\u0131n i\u00e7 i\u00e7e ge\u00e7ti\u011fi ve birbirlerini tamamlad\u0131\u011f\u0131na burada bir kez daha tan\u0131k olduk.<\/p>\n<p>Geleneksel hale getirmeye \u00e7al\u0131\u015ft\u0131\u011f\u0131m\u0131z bu fark\u0131ndal\u0131k korteji bisiklet\u00e7i dostlar\u0131m\u0131z\u0131n destekleri ile kar\u015f\u0131l\u0131k bularak gittik\u00e7e b\u00fcy\u00fcyor. Di\u011fer yandan bir\u00e7ok \u015fehirde faaliyete ge\u00e7en E\u015fpedal ekipleri ile birlikte yurda yay\u0131l\u0131yor. Daha \u00e7ok bisiklet\u00e7i dostumuz ile g\u00f6rme engelli dostumuzu tandem bisiklet \u00fczerinde bulu\u015fturmam\u0131za vesile oluyor. \u00d6zellikle engelli bireylerin ya\u015fad\u0131\u011f\u0131 \u015fehrin kent ya\u015fam\u0131n\u0131, do\u011fas\u0131n\u0131, k\u00fclt\u00fcrel de\u011ferlerini tan\u0131mas\u0131; \u015fehirleraras\u0131 yolculuklar yaparak ba\u015fka \u015fehirlerin de do\u011fas\u0131 ile k\u00fclt\u00fcrel de\u011ferlerini ke\u015ffetmesi ve bunun yan\u0131 s\u0131ra daha fazla insanla etkile\u015fimde bulunarak sosyal hayata aktif bi\u00e7imde kat\u0131l\u0131m g\u00f6stermesine vesile oluyoruz. Daha \u00e7ok ki\u015finin engellilik konusunda bilin\u00e7 kazanmas\u0131 ve hassasiyet sonucu geli\u015fen tutum farkl\u0131l\u0131klar\u0131n\u0131n yerini ger\u00e7ek dostluklar\u0131n almas\u0131 ile birlikte bu dostluklar\u0131n t\u00fcm topluma \u00f6rnek te\u015fkil etmesini hedefliyoruz. Bu t\u00fcr geni\u015f kat\u0131l\u0131ml\u0131 kortejler ile sesimizi daha \u00e7ok ki\u015fiye duyurarak bu ama\u00e7lar\u0131m\u0131za her ge\u00e7en g\u00fcn biraz daha yakla\u015fm\u0131\u015f oldu\u011fumuzu hissediyoruz.<\/p>\n<p>Zihinlerdeki t\u00fcm \u00f6n yarg\u0131lara kar\u015f\u0131n, alg\u0131lardaki engellilik ile engelsiz bir ya\u015fam aras\u0131ndaki mesafeyi pedalad\u0131k. \u00c7\u00fcnk\u00fc biliyoruz ki, \u00f6nyarg\u0131 en b\u00fcy\u00fck engeldir ve engeller tak\u0131lmak i\u00e7in de\u011fil, a\u015f\u0131lmak i\u00e7indir.<\/p>\n<p>E\u015fit, eri\u015filebilir, \u00f6zg\u00fcr bir ya\u015fam i\u00e7in, \u00f6nce alg\u0131lar\u0131n\u0131z\u0131 sonra pedallar\u0131m\u0131z\u0131 \u00e7evirdik!<\/p>\n<p>Foto\u011fraf ve videolar\u0131 ile turumuzu \u00f6l\u00fcms\u00fczle\u015ftiren <a href=\"https:\/\/www.facebook.com\/ersin.cek?fref=mentions\">Ersin \u00c7ek<\/a>, <a href=\"https:\/\/www.facebook.com\/mesut.duygun?fref=mentions\">Mesut Duygun<\/a>, <a href=\"https:\/\/www.facebook.com\/senay.kiper1?fref=mentions\">TC Senay Kiper<\/a>, <a href=\"https:\/\/www.facebook.com\/originaloneart?fref=mentions\">\u00d6zg\u00fcn Araz<\/a> , <a href=\"https:\/\/www.facebook.com\/profile.php?id=100004590011241&amp;fref=mentions\">Tanju Ta\u015f\u00e7\u0131lar<\/a>, <a href=\"https:\/\/www.facebook.com\/profile.php?id=100000465133546&amp;fref=mentions\">U\u011fur Kabaa\u011fa\u00e7<\/a> ve <a href=\"https:\/\/www.facebook.com\/vecihilojistik?fref=mentions\">Vecihi Fatih \u00d6zdemir<\/a>\u2018e te\u015fekk\u00fcrler.<\/p>\n<p>Kortejimizin s\u00fcr\u00fc\u015f g\u00fcvenli\u011fini sa\u011flayan trafik denetleme \u015fube m\u00fcd\u00fcrl\u00fc\u011f\u00fc emniyet personellerine \u00e7ok te\u015fekk\u00fcr ederiz.<\/p>\n<p>Turumuza kat\u0131larak pedal\u0131m\u0131za g\u00fc\u00e7 katan, sesimize ses olan, bu anlaml\u0131 g\u00fcnde desteklerini hissettirerek korteje anlam katan t\u00fcm bisiklet\u00e7i dostlar\u0131m\u0131za sonsuz te\u015fekk\u00fcrler! \u0130yi ki vars\u0131n\u0131z. Seneye 3 Aral\u0131kta tekrar bulu\u015fmak dile\u011fiyle!<\/p>","protected":false},"excerpt":{"rendered":"<p>Bu sene ikincisini d\u00fczenlemi\u015f oldu\u011fumuz 3 Aral\u0131k D\u00fcnya Engelliler G\u00fcn\u00fc Bisiklet Korteji yine olduk\u00e7a y\u00fcksek bir kat\u0131l\u0131m ile ger\u00e7ekle\u015fti. T\u00fcrkiye\u2019nin bir\u00e7ok \u015fehrinde e\u015f zamanl\u0131 olarak ger\u00e7ekle\u015ftirilen kortej ulusal boyutta b\u00fcy\u00fck ses getirdi. \u0130zmir\u2019in en i\u015flek sokaklar\u0131 sloganlar\u0131m\u0131zla yank\u0131land\u0131. \u0130yi bir fark\u0131ndal\u0131k sa\u011flayarak bu g\u00fcne anlam katt\u0131k. Saat 14\u2019de \u00dc\u00e7kuyular Vapur \u0130skelesi\u2019nde toplanarak sahil yolundan Cumhuriyet [&hellip;]<\/p>\n","protected":false},"author":1,"featured_media":0,"comment_status":"open","ping_status":"open","sticky":false,"template":"","format":"standard","meta":{"om_disable_all_campaigns":false,"_exactmetrics_skip_tracking":false,"_exactmetrics_sitenote_active":false,"_exactmetrics_sitenote_note":"","_exactmetrics_sitenote_category":0,"_monsterinsights_skip_tracking":false,"_monsterinsights_sitenote_active":false,"_monsterinsights_sitenote_note":"","_monsterinsights_sitenote_category":0,"footnotes":""},"categories":[1],"tags":[],"aioseo_notices":[],"_links":{"self":[{"href":"https:\/\/espedal.org\/en\/wp-json\/wp\/v2\/posts\/753"}],"collection":[{"href":"https:\/\/espedal.org\/en\/wp-json\/wp\/v2\/posts"}],"about":[{"href":"https:\/\/espedal.org\/en\/wp-json\/wp\/v2\/types\/post"}],"author":[{"embeddable":true,"href":"https:\/\/espedal.org\/en\/wp-json\/wp\/v2\/users\/1"}],"replies":[{"embeddable":true,"href":"https:\/\/espedal.org\/en\/wp-json\/wp\/v2\/comments?post=753"}],"version-history":[{"count":0,"href":"https:\/\/espedal.org\/en\/wp-json\/wp\/v2\/posts\/753\/revisions"}],"wp:attachment":[{"href":"https:\/\/espedal.org\/en\/wp-json\/wp\/v2\/media?parent=753"}],"wp:term":[{"taxonomy":"category","embeddable":true,"href":"https:\/\/espedal.org\/en\/wp-json\/wp\/v2\/categories?post=753"},{"taxonomy":"post_tag","embeddable":true,"href":"https:\/\/espedal.org\/en\/wp-json\/wp\/v2\/tags?post=753"}],"curies":[{"name":"wp","href":"https:\/\/api.w.org\/{rel}","templated":true}]}}