{"id":758,"date":"2017-06-23T19:13:21","date_gmt":"2017-06-23T19:13:21","guid":{"rendered":"http:\/\/espedal.org\/olagan-ustu-genel-kurul-cagrisi\/"},"modified":"2017-06-23T19:13:21","modified_gmt":"2017-06-23T19:13:21","slug":"olagan-ustu-genel-kurul-cagrisi","status":"publish","type":"post","link":"https:\/\/espedal.org\/en\/olagan-ustu-genel-kurul-cagrisi\/","title":{"rendered":"Ola\u011fan \u00fcst\u00fc Genel Kurul \u00c7a\u011fr\u0131s\u0131"},"content":{"rendered":"<p>23.06.2017 tarihinde Y\u00f6netim Kurulu toplanm\u0131\u015f olup, 09.07.2017 Pazar g\u00fcn\u00fc saat 18:00&#8217;da,  Y\u00fczba\u015f\u0131 \u015eerafettin Bey no:50, 35220 Konak\/\u0130zmir adresinde bulunan Gestin Kafe&#8217;de derne\u011fimizin ola\u011fan \u00fcst\u00fc genel kurulunun yap\u0131lmas\u0131na oy \u00e7o\u011funlu\u011fu ile karar verilmi\u015ftir.<br \/> topiant\u0131 kat\u0131l\u0131mc\u0131 say\u0131s\u0131n\u0131n \u00fc\u00e7te ikisinin bir fazlas\u0131 olu\u015fmad\u0131\u011f\u0131nda genel kurul tekrarlanacakt\u0131r 16.07.2017 pazar g\u00fcn\u00fc saat 18.00 da mithat pa\u015fa caddesi no3-1 p13 kemeralt\u0131 izmir adresinde \u00e7aykovski kafede bulu\u015fulacakt\u0131r<br \/>\nT\u00fcm \u00fcyelerimiz ve kamuoyunun bilgisine<br \/>\n E\u015fpedal Derne\u011fi Y\u00f6netim Kurulu<\/p>","protected":false},"excerpt":{"rendered":"<p>23.06.2017 tarihinde Y\u00f6netim Kurulu toplanm\u0131\u015f olup, 09.07.2017 Pazar g\u00fcn\u00fc saat 18:00&#8217;da, Y\u00fczba\u015f\u0131 \u015eerafettin Bey no:50, 35220 Konak\/\u0130zmir adresinde bulunan Gestin Kafe&#8217;de derne\u011fimizin ola\u011fan \u00fcst\u00fc genel kurulunun yap\u0131lmas\u0131na oy \u00e7o\u011funlu\u011fu ile karar verilmi\u015ftir. topiant\u0131 kat\u0131l\u0131mc\u0131 say\u0131s\u0131n\u0131n \u00fc\u00e7te ikisinin bir fazlas\u0131 olu\u015fmad\u0131\u011f\u0131nda genel kurul tekrarlanacakt\u0131r 16.07.2017 pazar g\u00fcn\u00fc saat 18.00 da mithat pa\u015fa caddesi no3-1 p13 kemeralt\u0131 [&hellip;]<\/p>\n","protected":false},"author":1,"featured_media":0,"comment_status":"open","ping_status":"open","sticky":false,"template":"","format":"standard","meta":{"om_disable_all_campaigns":false,"_exactmetrics_skip_tracking":false,"_exactmetrics_sitenote_active":false,"_exactmetrics_sitenote_note":"","_exactmetrics_sitenote_category":0,"_monsterinsights_skip_tracking":false,"_monsterinsights_sitenote_active":false,"_monsterinsights_sitenote_note":"","_monsterinsights_sitenote_category":0,"footnotes":""},"categories":[1],"tags":[],"aioseo_notices":[],"_links":{"self":[{"href":"https:\/\/espedal.org\/en\/wp-json\/wp\/v2\/posts\/758"}],"collection":[{"href":"https:\/\/espedal.org\/en\/wp-json\/wp\/v2\/posts"}],"about":[{"href":"https:\/\/espedal.org\/en\/wp-json\/wp\/v2\/types\/post"}],"author":[{"embeddable":true,"href":"https:\/\/espedal.org\/en\/wp-json\/wp\/v2\/users\/1"}],"replies":[{"embeddable":true,"href":"https:\/\/espedal.org\/en\/wp-json\/wp\/v2\/comments?post=758"}],"version-history":[{"count":0,"href":"https:\/\/espedal.org\/en\/wp-json\/wp\/v2\/posts\/758\/revisions"}],"wp:attachment":[{"href":"https:\/\/espedal.org\/en\/wp-json\/wp\/v2\/media?parent=758"}],"wp:term":[{"taxonomy":"category","embeddable":true,"href":"https:\/\/espedal.org\/en\/wp-json\/wp\/v2\/categories?post=758"},{"taxonomy":"post_tag","embeddable":true,"href":"https:\/\/espedal.org\/en\/wp-json\/wp\/v2\/tags?post=758"}],"curies":[{"name":"wp","href":"https:\/\/api.w.org\/{rel}","templated":true}]}}