{"id":804,"date":"2015-12-04T09:05:49","date_gmt":"2015-12-04T09:05:49","guid":{"rendered":"http:\/\/espedal.org\/dun-aksam-yonetim-kurulu-olarak-toplandikcokca\/"},"modified":"2020-10-08T16:10:30","modified_gmt":"2020-10-08T13:10:30","slug":"dun-aksam-yonetim-kurulu-olarak-toplandikcokca","status":"publish","type":"post","link":"https:\/\/espedal.org\/en\/dun-aksam-yonetim-kurulu-olarak-toplandikcokca\/","title":{"rendered":""},"content":{"rendered":"<div id='gallery-1' class='gallery galleryid-804 gallery-columns-3 gallery-size-thumbnail'><figure class='gallery-item'>\n\t\t\t<div class='gallery-icon landscape'>\n\t\t\t\t<a href='https:\/\/espedal.org\/en\/dun-aksam-yonetim-kurulu-olarak-toplandikcokca\/yasin-tuzugu-imzalarken-bir-kare-alinmis-yaninda-hayri-ve-masanin-sonunda-emircan-gorunuyor\/'><img decoding=\"async\" width=\"150\" height=\"150\" src=\"https:\/\/espedal.org\/wp-content\/uploads\/2015\/12\/tumblr_nytt9p9IlO1v0vg4lo1_1280-150x150.jpg\" class=\"attachment-thumbnail size-thumbnail\" alt=\"\" aria-describedby=\"gallery-1-805\" srcset=\"https:\/\/espedal.org\/wp-content\/uploads\/2015\/12\/tumblr_nytt9p9IlO1v0vg4lo1_1280-150x150.jpg 150w, https:\/\/espedal.org\/wp-content\/uploads\/2015\/12\/tumblr_nytt9p9IlO1v0vg4lo1_1280-300x300.jpg 300w, https:\/\/espedal.org\/wp-content\/uploads\/2015\/12\/tumblr_nytt9p9IlO1v0vg4lo1_1280-100x100.jpg 100w\" sizes=\"(max-width: 150px) 100vw, 150px\" \/><\/a>\n\t\t\t<\/div>\n\t\t\t\t<figcaption class='wp-caption-text gallery-caption' id='gallery-1-805'>\n\t\t\t\tyasin t\u00fcz\u00fc\u011f\u00fc imzalarken bir kare al\u0131nm\u0131\u015f, yan\u0131nda hayri ve masan\u0131n sonunda emircan g\u00f6r\u00fcn\u00fcyor\n\t\t\t\t<\/figcaption><\/figure><figure class='gallery-item'>\n\t\t\t<div class='gallery-icon landscape'>\n\t\t\t\t<a href='https:\/\/espedal.org\/en\/dun-aksam-yonetim-kurulu-olarak-toplandikcokca\/toplu-bir-fotograf-uzunlamasina-bir-masa-etrafinda-sag-tarafta-huseyinyasinhayri-ve-emircan-sol-tarafta-safatufan-ve-mustafa-imza-islemleri-de-bitmis-durumda-ve-hepsi-oldukca-mutlu-gorunuyor\/'><img decoding=\"async\" width=\"150\" height=\"150\" src=\"https:\/\/espedal.org\/wp-content\/uploads\/2015\/12\/tumblr_nytt9p9IlO1v0vg4lo2_1280-150x150.jpg\" class=\"attachment-thumbnail size-thumbnail\" alt=\"\" aria-describedby=\"gallery-1-806\" srcset=\"https:\/\/espedal.org\/wp-content\/uploads\/2015\/12\/tumblr_nytt9p9IlO1v0vg4lo2_1280-150x150.jpg 150w, https:\/\/espedal.org\/wp-content\/uploads\/2015\/12\/tumblr_nytt9p9IlO1v0vg4lo2_1280-300x300.jpg 300w, https:\/\/espedal.org\/wp-content\/uploads\/2015\/12\/tumblr_nytt9p9IlO1v0vg4lo2_1280-100x100.jpg 100w\" sizes=\"(max-width: 150px) 100vw, 150px\" \/><\/a>\n\t\t\t<\/div>\n\t\t\t\t<figcaption class='wp-caption-text gallery-caption' id='gallery-1-806'>\n\t\t\t\ttoplu bir foto\u011fraf uzunlamas\u0131na bir masa etraf\u0131nda sa\u011f tarafta h\u00fcseyin,yasin,hayri ve emircan sol tarafta safa,tufan ve mustafa. imza i\u015flemleri de bitmi\u015f durumda ve hepsi olduk\u00e7a mutlu g\u00f6r\u00fcn\u00fcyor.\n\t\t\t\t<\/figcaption><\/figure><figure class='gallery-item'>\n\t\t\t<div class='gallery-icon landscape'>\n\t\t\t\t<a href='https:\/\/espedal.org\/en\/dun-aksam-yonetim-kurulu-olarak-toplandikcokca\/gun-sonunda-disarida-alinan-bir-kare-soldan-saga-safahuseyinmustafahayritufanyasin-ve-emircan-onlerinde-tufanin-bisikleti-var\/'><img decoding=\"async\" width=\"150\" height=\"150\" src=\"https:\/\/espedal.org\/wp-content\/uploads\/2015\/12\/tumblr_nytt9p9IlO1v0vg4lo3_1280-150x150.jpg\" class=\"attachment-thumbnail size-thumbnail\" alt=\"\" aria-describedby=\"gallery-1-807\" srcset=\"https:\/\/espedal.org\/wp-content\/uploads\/2015\/12\/tumblr_nytt9p9IlO1v0vg4lo3_1280-150x150.jpg 150w, https:\/\/espedal.org\/wp-content\/uploads\/2015\/12\/tumblr_nytt9p9IlO1v0vg4lo3_1280-300x300.jpg 300w, https:\/\/espedal.org\/wp-content\/uploads\/2015\/12\/tumblr_nytt9p9IlO1v0vg4lo3_1280-100x100.jpg 100w\" sizes=\"(max-width: 150px) 100vw, 150px\" \/><\/a>\n\t\t\t<\/div>\n\t\t\t\t<figcaption class='wp-caption-text gallery-caption' id='gallery-1-807'>\n\t\t\t\tg\u00fcn sonunda d\u0131\u015far\u0131da al\u0131nan bir kare soldan sa\u011fa; safa,h\u00fcseyin,mustafa,hayri,tufan,yasin ve emircan \u00f6nlerinde tufan\u0131n bisikleti var\n\t\t\t\t<\/figcaption><\/figure><figure class='gallery-item'>\n\t\t\t<div class='gallery-icon landscape'>\n\t\t\t\t<a href='https:\/\/espedal.org\/en\/dun-aksam-yonetim-kurulu-olarak-toplandikcokca\/safa-tuzugu-imzalarken-alinmis-bir-kare-elinde-belgeler-var-ama-yuzu-gorunmuyor-hemen-yaninda-tufan-oturuyor-imza-atmak-icin-sirada-masanin-sonunda-emircan-ve-mustafa-derin-bir-so\/'><img loading=\"lazy\" decoding=\"async\" width=\"150\" height=\"150\" src=\"https:\/\/espedal.org\/wp-content\/uploads\/2015\/12\/tumblr_nytt9p9IlO1v0vg4lo4_1280-150x150.jpg\" class=\"attachment-thumbnail size-thumbnail\" alt=\"\" aria-describedby=\"gallery-1-808\" srcset=\"https:\/\/espedal.org\/wp-content\/uploads\/2015\/12\/tumblr_nytt9p9IlO1v0vg4lo4_1280-150x150.jpg 150w, https:\/\/espedal.org\/wp-content\/uploads\/2015\/12\/tumblr_nytt9p9IlO1v0vg4lo4_1280-300x300.jpg 300w, https:\/\/espedal.org\/wp-content\/uploads\/2015\/12\/tumblr_nytt9p9IlO1v0vg4lo4_1280-100x100.jpg 100w\" sizes=\"(max-width: 150px) 100vw, 150px\" \/><\/a>\n\t\t\t<\/div>\n\t\t\t\t<figcaption class='wp-caption-text gallery-caption' id='gallery-1-808'>\n\t\t\t\tsafa t\u00fcz\u00fc\u011f\u00fc imzalarken al\u0131nm\u0131\u015f bir kare elinde belgeler var ama y\u00fcz\u00fc g\u00f6r\u00fcnm\u00fcyor, hemen yan\u0131nda tufan oturuyor imza atmak i\u00e7in s\u0131rada masan\u0131n sonunda emircan ve mustafa derin bir so\n\t\t\t\t<\/figcaption><\/figure>\n\t\t<\/div>\n\n<p>D\u00fcn ak\u015fam y\u00f6netim kurulu olarak topland\u0131k,\u00e7ok\u00e7a \u00e7al\u0131\u015ft\u0131\u011f\u0131m\u0131z 78 maddelik E\u015fpedal Dernek t\u00fcz\u00fc\u011f\u00fcn\u00fc kurucu \u00fcyeler olarak imzalad\u0131k pazartesi g\u00fcn\u00fc belgeleri teslim edip t\u00fczel ki\u015fili\u011fimizi kazanmak i\u00e7in sab\u0131rla bekleyece\u011fiz ( detayl\u0131 a\u00e7\u0131klamalar foto\u011fraflar\u0131n i\u00e7inde mevcuttur)<\/p>\n<p><\/p>","protected":false},"excerpt":{"rendered":"<p>D\u00fcn ak\u015fam y\u00f6netim kurulu olarak topland\u0131k,\u00e7ok\u00e7a \u00e7al\u0131\u015ft\u0131\u011f\u0131m\u0131z 78 maddelik E\u015fpedal Dernek t\u00fcz\u00fc\u011f\u00fcn\u00fc kurucu \u00fcyeler olarak imzalad\u0131k pazartesi g\u00fcn\u00fc belgeleri teslim edip t\u00fczel ki\u015fili\u011fimizi kazanmak i\u00e7in sab\u0131rla bekleyece\u011fiz ( detayl\u0131 a\u00e7\u0131klamalar foto\u011fraflar\u0131n i\u00e7inde mevcuttur)<\/p>","protected":false},"author":1,"featured_media":805,"comment_status":"open","ping_status":"open","sticky":false,"template":"","format":"gallery","meta":{"om_disable_all_campaigns":false,"_exactmetrics_skip_tracking":false,"_exactmetrics_sitenote_active":false,"_exactmetrics_sitenote_note":"","_exactmetrics_sitenote_category":0,"_monsterinsights_skip_tracking":false,"_monsterinsights_sitenote_active":false,"_monsterinsights_sitenote_note":"","_monsterinsights_sitenote_category":0,"footnotes":""},"categories":[1],"tags":[],"aioseo_notices":[],"_links":{"self":[{"href":"https:\/\/espedal.org\/en\/wp-json\/wp\/v2\/posts\/804"}],"collection":[{"href":"https:\/\/espedal.org\/en\/wp-json\/wp\/v2\/posts"}],"about":[{"href":"https:\/\/espedal.org\/en\/wp-json\/wp\/v2\/types\/post"}],"author":[{"embeddable":true,"href":"https:\/\/espedal.org\/en\/wp-json\/wp\/v2\/users\/1"}],"replies":[{"embeddable":true,"href":"https:\/\/espedal.org\/en\/wp-json\/wp\/v2\/comments?post=804"}],"version-history":[{"count":1,"href":"https:\/\/espedal.org\/en\/wp-json\/wp\/v2\/posts\/804\/revisions"}],"predecessor-version":[{"id":809,"href":"https:\/\/espedal.org\/en\/wp-json\/wp\/v2\/posts\/804\/revisions\/809"}],"wp:featuredmedia":[{"embeddable":true,"href":"https:\/\/espedal.org\/en\/wp-json\/wp\/v2\/media\/805"}],"wp:attachment":[{"href":"https:\/\/espedal.org\/en\/wp-json\/wp\/v2\/media?parent=804"}],"wp:term":[{"taxonomy":"category","embeddable":true,"href":"https:\/\/espedal.org\/en\/wp-json\/wp\/v2\/categories?post=804"},{"taxonomy":"post_tag","embeddable":true,"href":"https:\/\/espedal.org\/en\/wp-json\/wp\/v2\/tags?post=804"}],"curies":[{"name":"wp","href":"https:\/\/api.w.org\/{rel}","templated":true}]}}