{"id":856,"date":"2015-12-04T08:27:47","date_gmt":"2015-12-04T08:27:47","guid":{"rendered":"http:\/\/espedal.org\/artik-ikinci-tandemimize-sahibiz-sabah-gebzeye\/"},"modified":"2020-10-08T16:12:05","modified_gmt":"2020-10-08T13:12:05","slug":"artik-ikinci-tandemimize-sahibiz-sabah-gebzeye","status":"publish","type":"post","link":"https:\/\/espedal.org\/en\/artik-ikinci-tandemimize-sahibiz-sabah-gebzeye\/","title":{"rendered":""},"content":{"rendered":"<div id='gallery-1' class='gallery galleryid-856 gallery-columns-3 gallery-size-thumbnail'><figure class='gallery-item'>\n\t\t\t<div class='gallery-icon landscape'>\n\t\t\t\t<a href='https:\/\/espedal.org\/en\/artik-ikinci-tandemimize-sahibiz-sabah-gebzeye\/bisikletin-ayrinti-cekimleri-brooks-selesi\/'><img decoding=\"async\" width=\"150\" height=\"150\" src=\"https:\/\/espedal.org\/wp-content\/uploads\/2015\/12\/tumblr_nytribKcao1v0vg4lo1_1280-150x150.jpg\" class=\"attachment-thumbnail size-thumbnail\" alt=\"\" aria-describedby=\"gallery-1-857\" srcset=\"https:\/\/espedal.org\/wp-content\/uploads\/2015\/12\/tumblr_nytribKcao1v0vg4lo1_1280-150x150.jpg 150w, https:\/\/espedal.org\/wp-content\/uploads\/2015\/12\/tumblr_nytribKcao1v0vg4lo1_1280-300x300.jpg 300w, https:\/\/espedal.org\/wp-content\/uploads\/2015\/12\/tumblr_nytribKcao1v0vg4lo1_1280-100x100.jpg 100w\" sizes=\"(max-width: 150px) 100vw, 150px\" \/><\/a>\n\t\t\t<\/div>\n\t\t\t\t<figcaption class='wp-caption-text gallery-caption' id='gallery-1-857'>\n\t\t\t\tBisikletin ayr\u0131nt\u0131 \u00e7ekimleri brooks selesi\n\t\t\t\t<\/figcaption><\/figure><figure class='gallery-item'>\n\t\t\t<div class='gallery-icon landscape'>\n\t\t\t\t<a href='https:\/\/espedal.org\/en\/artik-ikinci-tandemimize-sahibiz-sabah-gebzeye\/yasin-ve-mustafa-tandemin-basinda-deniz-cafe-onunde-toplanti-yapmadan-oncede\/'><img decoding=\"async\" width=\"150\" height=\"150\" src=\"https:\/\/espedal.org\/wp-content\/uploads\/2015\/12\/tumblr_nytribKcao1v0vg4lo2_1280-150x150.jpg\" class=\"attachment-thumbnail size-thumbnail\" alt=\"\" aria-describedby=\"gallery-1-858\" srcset=\"https:\/\/espedal.org\/wp-content\/uploads\/2015\/12\/tumblr_nytribKcao1v0vg4lo2_1280-150x150.jpg 150w, https:\/\/espedal.org\/wp-content\/uploads\/2015\/12\/tumblr_nytribKcao1v0vg4lo2_1280-300x300.jpg 300w, https:\/\/espedal.org\/wp-content\/uploads\/2015\/12\/tumblr_nytribKcao1v0vg4lo2_1280-100x100.jpg 100w\" sizes=\"(max-width: 150px) 100vw, 150px\" \/><\/a>\n\t\t\t<\/div>\n\t\t\t\t<figcaption class='wp-caption-text gallery-caption' id='gallery-1-858'>\n\t\t\t\tYasin ve mustafa tandemin ba\u015f\u0131nda deniz cafe \u00f6n\u00fcnde toplant\u0131 yapmadan \u00f6ncede.\n\t\t\t\t<\/figcaption><\/figure><figure class='gallery-item'>\n\t\t\t<div class='gallery-icon landscape'>\n\t\t\t\t<a href='https:\/\/espedal.org\/en\/artik-ikinci-tandemimize-sahibiz-sabah-gebzeye\/safa-ve-yasin-sabah-kadikoyden-metro-ile-kartala-yolculuk-yapiyor\/'><img decoding=\"async\" width=\"150\" height=\"150\" src=\"https:\/\/espedal.org\/wp-content\/uploads\/2015\/12\/tumblr_nytribKcao1v0vg4lo3_1280-150x150.jpg\" class=\"attachment-thumbnail size-thumbnail\" alt=\"\" aria-describedby=\"gallery-1-859\" srcset=\"https:\/\/espedal.org\/wp-content\/uploads\/2015\/12\/tumblr_nytribKcao1v0vg4lo3_1280-150x150.jpg 150w, https:\/\/espedal.org\/wp-content\/uploads\/2015\/12\/tumblr_nytribKcao1v0vg4lo3_1280-300x300.jpg 300w, https:\/\/espedal.org\/wp-content\/uploads\/2015\/12\/tumblr_nytribKcao1v0vg4lo3_1280-100x100.jpg 100w\" sizes=\"(max-width: 150px) 100vw, 150px\" \/><\/a>\n\t\t\t<\/div>\n\t\t\t\t<figcaption class='wp-caption-text gallery-caption' id='gallery-1-859'>\n\t\t\t\tSafa ve yasin sabah kad\u0131k\u00f6yden metro ile kartala yolculuk yap\u0131yor.\n\t\t\t\t<\/figcaption><\/figure><figure class='gallery-item'>\n\t\t\t<div class='gallery-icon landscape'>\n\t\t\t\t<a href='https:\/\/espedal.org\/en\/artik-ikinci-tandemimize-sahibiz-sabah-gebzeye\/tandemi-gebzeden-alip-kadikoye-donerken-veledromda-biraz-hiz-testi-yaptik\/'><img loading=\"lazy\" decoding=\"async\" width=\"150\" height=\"150\" src=\"https:\/\/espedal.org\/wp-content\/uploads\/2015\/12\/tumblr_nytribKcao1v0vg4lo4_1280-150x150.jpg\" class=\"attachment-thumbnail size-thumbnail\" alt=\"\" aria-describedby=\"gallery-1-860\" srcset=\"https:\/\/espedal.org\/wp-content\/uploads\/2015\/12\/tumblr_nytribKcao1v0vg4lo4_1280-150x150.jpg 150w, https:\/\/espedal.org\/wp-content\/uploads\/2015\/12\/tumblr_nytribKcao1v0vg4lo4_1280-300x300.jpg 300w, https:\/\/espedal.org\/wp-content\/uploads\/2015\/12\/tumblr_nytribKcao1v0vg4lo4_1280-100x100.jpg 100w\" sizes=\"(max-width: 150px) 100vw, 150px\" \/><\/a>\n\t\t\t<\/div>\n\t\t\t\t<figcaption class='wp-caption-text gallery-caption' id='gallery-1-860'>\n\t\t\t\tTandemi gebzeden al\u0131p kad\u0131k\u00f6ye d\u00f6nerken veledromda biraz h\u0131z testi yapt\u0131k.\n\t\t\t\t<\/figcaption><\/figure><figure class='gallery-item'>\n\t\t\t<div class='gallery-icon landscape'>\n\t\t\t\t<a href='https:\/\/espedal.org\/en\/artik-ikinci-tandemimize-sahibiz-sabah-gebzeye\/deniz-cafede-toplanti-oncesi-masa-basinda\/'><img loading=\"lazy\" decoding=\"async\" width=\"150\" height=\"150\" src=\"https:\/\/espedal.org\/wp-content\/uploads\/2015\/12\/tumblr_nytribKcao1v0vg4lo5_1280-150x150.jpg\" class=\"attachment-thumbnail size-thumbnail\" alt=\"\" aria-describedby=\"gallery-1-861\" srcset=\"https:\/\/espedal.org\/wp-content\/uploads\/2015\/12\/tumblr_nytribKcao1v0vg4lo5_1280-150x150.jpg 150w, https:\/\/espedal.org\/wp-content\/uploads\/2015\/12\/tumblr_nytribKcao1v0vg4lo5_1280-300x300.jpg 300w, https:\/\/espedal.org\/wp-content\/uploads\/2015\/12\/tumblr_nytribKcao1v0vg4lo5_1280-100x100.jpg 100w\" sizes=\"(max-width: 150px) 100vw, 150px\" \/><\/a>\n\t\t\t<\/div>\n\t\t\t\t<figcaption class='wp-caption-text gallery-caption' id='gallery-1-861'>\n\t\t\t\tDeniz cafede toplant\u0131 \u00f6ncesi masa ba\u015f\u0131nda.\n\t\t\t\t<\/figcaption><\/figure><figure class='gallery-item'>\n\t\t\t<div class='gallery-icon landscape'>\n\t\t\t\t<a href='https:\/\/espedal.org\/en\/artik-ikinci-tandemimize-sahibiz-sabah-gebzeye\/bogada-mustafa-iscier-yasin-baysal-ve-safa-ipek-yeni-alinan-tandem-ile-cekilen-bir-fotograf\/'><img loading=\"lazy\" decoding=\"async\" width=\"150\" height=\"150\" src=\"https:\/\/espedal.org\/wp-content\/uploads\/2015\/12\/tumblr_nytribKcao1v0vg4lo6_1280-150x150.jpg\" class=\"attachment-thumbnail size-thumbnail\" alt=\"\" aria-describedby=\"gallery-1-862\" srcset=\"https:\/\/espedal.org\/wp-content\/uploads\/2015\/12\/tumblr_nytribKcao1v0vg4lo6_1280-150x150.jpg 150w, https:\/\/espedal.org\/wp-content\/uploads\/2015\/12\/tumblr_nytribKcao1v0vg4lo6_1280-300x300.jpg 300w, https:\/\/espedal.org\/wp-content\/uploads\/2015\/12\/tumblr_nytribKcao1v0vg4lo6_1280-100x100.jpg 100w\" sizes=\"(max-width: 150px) 100vw, 150px\" \/><\/a>\n\t\t\t<\/div>\n\t\t\t\t<figcaption class='wp-caption-text gallery-caption' id='gallery-1-862'>\n\t\t\t\tBo\u011fada mustafa i\u015f\u00e7ier yasin baysal ve safa ipek yeni al\u0131nan tandem ile \u00e7ekilen bir fotograf\n\t\t\t\t<\/figcaption><\/figure>\n\t\t<\/div>\n\n<p>Art\u0131k ikinci tandemimize sahibiz!!! Sabah gebzeye gidip ikinci el olarak buldu\u011fumuz tandemi sat\u0131n ald\u0131k. Kad\u0131n pilot ve co-pilotlar\u0131m\u0131z\u0131n hizmetinde kullanaca\u011f\u0131m\u0131z bu geotech tandem t\u00fcm ekibe hay\u0131rl\u0131 olsun.<\/p>\n<p><\/p>","protected":false},"excerpt":{"rendered":"<p>Art\u0131k ikinci tandemimize sahibiz!!! Sabah gebzeye gidip ikinci el olarak buldu\u011fumuz tandemi sat\u0131n ald\u0131k. Kad\u0131n pilot ve co-pilotlar\u0131m\u0131z\u0131n hizmetinde kullanaca\u011f\u0131m\u0131z bu geotech tandem t\u00fcm ekibe hay\u0131rl\u0131 olsun.<\/p>","protected":false},"author":1,"featured_media":857,"comment_status":"open","ping_status":"open","sticky":false,"template":"","format":"gallery","meta":{"om_disable_all_campaigns":false,"_exactmetrics_skip_tracking":false,"_exactmetrics_sitenote_active":false,"_exactmetrics_sitenote_note":"","_exactmetrics_sitenote_category":0,"_monsterinsights_skip_tracking":false,"_monsterinsights_sitenote_active":false,"_monsterinsights_sitenote_note":"","_monsterinsights_sitenote_category":0,"footnotes":""},"categories":[1],"tags":[],"aioseo_notices":[],"_links":{"self":[{"href":"https:\/\/espedal.org\/en\/wp-json\/wp\/v2\/posts\/856"}],"collection":[{"href":"https:\/\/espedal.org\/en\/wp-json\/wp\/v2\/posts"}],"about":[{"href":"https:\/\/espedal.org\/en\/wp-json\/wp\/v2\/types\/post"}],"author":[{"embeddable":true,"href":"https:\/\/espedal.org\/en\/wp-json\/wp\/v2\/users\/1"}],"replies":[{"embeddable":true,"href":"https:\/\/espedal.org\/en\/wp-json\/wp\/v2\/comments?post=856"}],"version-history":[{"count":1,"href":"https:\/\/espedal.org\/en\/wp-json\/wp\/v2\/posts\/856\/revisions"}],"predecessor-version":[{"id":863,"href":"https:\/\/espedal.org\/en\/wp-json\/wp\/v2\/posts\/856\/revisions\/863"}],"wp:featuredmedia":[{"embeddable":true,"href":"https:\/\/espedal.org\/en\/wp-json\/wp\/v2\/media\/857"}],"wp:attachment":[{"href":"https:\/\/espedal.org\/en\/wp-json\/wp\/v2\/media?parent=856"}],"wp:term":[{"taxonomy":"category","embeddable":true,"href":"https:\/\/espedal.org\/en\/wp-json\/wp\/v2\/categories?post=856"},{"taxonomy":"post_tag","embeddable":true,"href":"https:\/\/espedal.org\/en\/wp-json\/wp\/v2\/tags?post=856"}],"curies":[{"name":"wp","href":"https:\/\/api.w.org\/{rel}","templated":true}]}}