{"id":864,"date":"2015-12-04T07:24:09","date_gmt":"2015-12-04T07:24:09","guid":{"rendered":"http:\/\/espedal.org\/unicycle-etkinligine-basladik-hedefimiz-belgrad\/"},"modified":"2020-10-08T16:12:07","modified_gmt":"2020-10-08T13:12:07","slug":"unicycle-etkinligine-basladik-hedefimiz-belgrad","status":"publish","type":"post","link":"https:\/\/espedal.org\/en\/unicycle-etkinligine-basladik-hedefimiz-belgrad\/","title":{"rendered":""},"content":{"rendered":"<div id='gallery-1' class='gallery galleryid-864 gallery-columns-3 gallery-size-thumbnail'><figure class='gallery-item'>\n\t\t\t<div class='gallery-icon landscape'>\n\t\t\t\t<a href='https:\/\/espedal.org\/en\/unicycle-etkinligine-basladik-hedefimiz-belgrad\/attachment\/865\/'><img decoding=\"async\" width=\"150\" height=\"150\" src=\"https:\/\/espedal.org\/wp-content\/uploads\/2015\/12\/tumblr_nytok9kWk11v0vg4lo1_1280-150x150.jpg\" class=\"attachment-thumbnail size-thumbnail\" alt=\"\" srcset=\"https:\/\/espedal.org\/wp-content\/uploads\/2015\/12\/tumblr_nytok9kWk11v0vg4lo1_1280-150x150.jpg 150w, https:\/\/espedal.org\/wp-content\/uploads\/2015\/12\/tumblr_nytok9kWk11v0vg4lo1_1280-300x300.jpg 300w, https:\/\/espedal.org\/wp-content\/uploads\/2015\/12\/tumblr_nytok9kWk11v0vg4lo1_1280-100x100.jpg 100w\" sizes=\"(max-width: 150px) 100vw, 150px\" \/><\/a>\n\t\t\t<\/div><\/figure>\n\t\t<\/div>\n\n<p>Unicycle etkinli\u011fine ba\u015flad\u0131k hedefimiz belgrad orman\u0131<\/p>\n<p><\/p>","protected":false},"excerpt":{"rendered":"<p>Unicycle etkinli\u011fine ba\u015flad\u0131k hedefimiz belgrad orman\u0131<\/p>","protected":false},"author":1,"featured_media":865,"comment_status":"open","ping_status":"open","sticky":false,"template":"","format":"gallery","meta":{"om_disable_all_campaigns":false,"_exactmetrics_skip_tracking":false,"_exactmetrics_sitenote_active":false,"_exactmetrics_sitenote_note":"","_exactmetrics_sitenote_category":0,"_monsterinsights_skip_tracking":false,"_monsterinsights_sitenote_active":false,"_monsterinsights_sitenote_note":"","_monsterinsights_sitenote_category":0,"footnotes":""},"categories":[1],"tags":[],"aioseo_notices":[],"_links":{"self":[{"href":"https:\/\/espedal.org\/en\/wp-json\/wp\/v2\/posts\/864"}],"collection":[{"href":"https:\/\/espedal.org\/en\/wp-json\/wp\/v2\/posts"}],"about":[{"href":"https:\/\/espedal.org\/en\/wp-json\/wp\/v2\/types\/post"}],"author":[{"embeddable":true,"href":"https:\/\/espedal.org\/en\/wp-json\/wp\/v2\/users\/1"}],"replies":[{"embeddable":true,"href":"https:\/\/espedal.org\/en\/wp-json\/wp\/v2\/comments?post=864"}],"version-history":[{"count":1,"href":"https:\/\/espedal.org\/en\/wp-json\/wp\/v2\/posts\/864\/revisions"}],"predecessor-version":[{"id":866,"href":"https:\/\/espedal.org\/en\/wp-json\/wp\/v2\/posts\/864\/revisions\/866"}],"wp:featuredmedia":[{"embeddable":true,"href":"https:\/\/espedal.org\/en\/wp-json\/wp\/v2\/media\/865"}],"wp:attachment":[{"href":"https:\/\/espedal.org\/en\/wp-json\/wp\/v2\/media?parent=864"}],"wp:term":[{"taxonomy":"category","embeddable":true,"href":"https:\/\/espedal.org\/en\/wp-json\/wp\/v2\/categories?post=864"},{"taxonomy":"post_tag","embeddable":true,"href":"https:\/\/espedal.org\/en\/wp-json\/wp\/v2\/tags?post=864"}],"curies":[{"name":"wp","href":"https:\/\/api.w.org\/{rel}","templated":true}]}}